{"id":867,"date":"2018-12-10T23:45:55","date_gmt":"2018-12-10T21:45:55","guid":{"rendered":"https:\/\/kloepperwenzel.de\/blog\/?p=867"},"modified":"2018-12-10T23:56:31","modified_gmt":"2018-12-10T21:56:31","slug":"advent-advent-ein-lichtlein-brennt","status":"publish","type":"post","link":"https:\/\/kloepperwenzel.de\/blog\/paarberatung\/advent-advent-ein-lichtlein-brennt","title":{"rendered":"Advent, Advent ein Lichtlein brennt&#8230;"},"content":{"rendered":"<p>Und nun habe ich schon zwei Lichter von meinem Adventskranz angez\u00fcndet. Heute morgen wurde mir schlagartig klar, dass es nur noch zwei Wochen sind bis wir Heiligabend feiern&#8230;wie immer, geht die Zeit bis Weihnachten dann auf einmal ganz schnell vorbei.<\/p>\n<p>Ich versuche und manchmal gelingt es mir auch, die Adventszeit ein wenig als eine besinnliche Zeit zu genie\u00dfen. Daf\u00fcr lese ich, so oft wie ich es morgens schaffe, den Anderen Adventskalender vom Andere Zeiten e.V. einer Initiative zum Kirchenjahr. Dort kann man kleine Andachten lesen, die mich zur Besinnung kommen lassen. Ich genie\u00dfe diese Augenblicke&#8230;<\/p>\n<p>Wu\u00dften Sie, dass das lateinische Wort &#8222;advenire&#8220; ankommen hei\u00dft. Man k\u00f6nnte auch sagen, Advent bedeutet: Jesus kommt an. Papst Gregor der Gro\u00dfe bestimmte bereits um 600 n.Chr. vier Sonntage im Advent. Sie beschreiben Jesu Kommen in unterschiedlichen Perspektiven, so k\u00f6nnte man es ausdr\u00fccken. Der erste Adventssonntag erinnert an Jesu Einzug in Jerusalem und sein Kommen in der damaligen Zeit. Der zweite Advent verweist auf das Wiederkommen Jesu am Ender der irdischen Zeit. Der dritte Advent will mit dem Bu\u00dfruf der Propheten und des T\u00e4ufers Johannes die ernsthafte Vorbereitung auf das Kommen Jens verdeutlichen. Der vierte Advent betont schlie\u00dflich die Freude der Maria und unsere Vorfreude auf Weihnachten. Die Adventszeit war niemals nur &#8222;Vorweihnachtszeit&#8220;. Sie ist im urspr\u00fcnglichen Sinn eine Zeit der Bu\u00dfe, der Besinnung und der Umkehr. Sie motiviert, sich auf Jesu Kommen innerlich einzustellen.<\/p>\n<p>Ich w\u00fcnsche Ihnen in diesen noch vor uns liegenden Wochen bis zum Weihnachtsfest eine nicht zu hektische Zeit mit Momenten der Besinnung und der Vorfreude und auf die eigentliche Weihnachtsbotschaft als Fest des Friedens unter den Menschen.<\/p>\n<p>In meiner Arbeit der <a href=\"https:\/\/kloepperwenzel.de\/pages\/paartherapie-paarberatung-eheberatung-beziehungsprobleme-eheprobleme.php\">Paarberatung<\/a> und der <a href=\"https:\/\/kloepperwenzel.de\/pages\/einzelberatung-und-psychotherapie.php\">Einzelberatung<\/a> ist es oft auch eine meiner Aufgaben als Friedensbotschafterin aufzutreten und zu wirken. Rufen Sie mich gerne an, wenn Sie eine Frage oder ein Anliegen haben sollten, dass sich nicht alleine l\u00f6sen l\u00e4sst. Ich freue mich \u00fcber Ihre Nachrichten.<\/p>\n<p>Herzliche Gr\u00fc\u00dfe aus dem Adventsalltag,<\/p>\n<p>Ihre Ute Kl\u00f6pper-Wenzel<\/p>\n<p>&nbsp;<\/p>\n","protected":false},"excerpt":{"rendered":"<p>Und nun habe ich schon zwei Lichter von meinem Adventskranz angez\u00fcndet. Heute morgen wurde mir schlagartig klar, dass es nur noch zwei Wochen sind bis wir Heiligabend feiern&#8230;wie immer, geht die Zeit bis Weihnachten dann auf einmal ganz schnell vorbei. Ich versuche und manchmal gelingt es mir auch, die Adventszeit ein wenig als eine besinnliche [&hellip;]<\/p>\n","protected":false},"author":3,"featured_media":871,"comment_status":"open","ping_status":"open","sticky":false,"template":"","format":"standard","meta":{"footnotes":""},"categories":[9,2,13],"tags":[],"class_list":["post-867","post","type-post","status-publish","format-standard","has-post-thumbnail","hentry","category-einzelberatung","category-paarberatung","category-paarberatung-fuer-eltern"],"_links":{"self":[{"href":"https:\/\/kloepperwenzel.de\/blog\/wp-json\/wp\/v2\/posts\/867","targetHints":{"allow":["GET"]}}],"collection":[{"href":"https:\/\/kloepperwenzel.de\/blog\/wp-json\/wp\/v2\/posts"}],"about":[{"href":"https:\/\/kloepperwenzel.de\/blog\/wp-json\/wp\/v2\/types\/post"}],"author":[{"embeddable":true,"href":"https:\/\/kloepperwenzel.de\/blog\/wp-json\/wp\/v2\/users\/3"}],"replies":[{"embeddable":true,"href":"https:\/\/kloepperwenzel.de\/blog\/wp-json\/wp\/v2\/comments?post=867"}],"version-history":[{"count":5,"href":"https:\/\/kloepperwenzel.de\/blog\/wp-json\/wp\/v2\/posts\/867\/revisions"}],"predecessor-version":[{"id":874,"href":"https:\/\/kloepperwenzel.de\/blog\/wp-json\/wp\/v2\/posts\/867\/revisions\/874"}],"wp:featuredmedia":[{"embeddable":true,"href":"https:\/\/kloepperwenzel.de\/blog\/wp-json\/wp\/v2\/media\/871"}],"wp:attachment":[{"href":"https:\/\/kloepperwenzel.de\/blog\/wp-json\/wp\/v2\/media?parent=867"}],"wp:term":[{"taxonomy":"category","embeddable":true,"href":"https:\/\/kloepperwenzel.de\/blog\/wp-json\/wp\/v2\/categories?post=867"},{"taxonomy":"post_tag","embeddable":true,"href":"https:\/\/kloepperwenzel.de\/blog\/wp-json\/wp\/v2\/tags?post=867"}],"curies":[{"name":"wp","href":"https:\/\/api.w.org\/{rel}","templated":true}]}}