{"id":1285,"date":"2023-03-31T08:35:41","date_gmt":"2023-03-31T06:35:41","guid":{"rendered":"https:\/\/kloepperwenzel.de\/blog\/?p=1285"},"modified":"2023-03-31T08:58:56","modified_gmt":"2023-03-31T06:58:56","slug":"manchmal-kommt-es-anders-als-man-denkt","status":"publish","type":"post","link":"https:\/\/kloepperwenzel.de\/blog\/uncategorized\/manchmal-kommt-es-anders-als-man-denkt","title":{"rendered":"Manchmal kommt es anders&#8230;als man denkt!"},"content":{"rendered":"\n<p>&#8230;Und man es sich w\u00fcnscht! Das musste ich bitter gleich zu Beginn des Jahres erfahren.<\/p>\n\n\n\n<p>Sehr geehrte LeserInnen,<\/p>\n\n\n\n<p> es gibt eine l\u00e4ngere Pause mit meinen Angeboten, einige von Ihnen haben es schon bemerkt. Ich falle gleich mit der T\u00fcr ins Haus, um nicht lange um den hei\u00dfen Brei herum zu reden. Im Januar musste ich einen heftigen Sturz verkraften, in dessen Folge hatte ich zwei Armbr\u00fcche (rechts und links jeweils) durchzustehen. Es h\u00e4tte nicht ung\u00fcnstiger kommen k\u00f6nnen, denn ich wollte eigentlich mit dem Beginn des neuen Jahres wieder durchstarten mit meiner Arbeit in der Praxis. Aber nun war ich erst einmal vollkommen &#8222;lahm gelegt&#8220;. Wie schon \u00f6fter in meinem Leben habe ich mich daraufhin mit der  Frage besch\u00e4ftigt, was mir dieses Ereignis zu sagen hat und was ich vielleicht \u00e4ndern sollte in meinem Leben??! Schlie\u00dflich ist das mein zweiter Unfall in drei Jahren, den ich zu verkraften habe und meine Gesundheit bedeutet mir viel.<\/p>\n\n\n\n<p>Ich werde mit meiner Arbeit eine l\u00e4ngere Pause einlegen, so habe ich es entschieden. Ich brauche f\u00fcr mich ein Sabbatical \u00fcber die Zeit des bevorstehenden Sommers hinweg. Im Klartext hei\u00dft das, dass ich mir w\u00e4hrend dieser Wochen \u00fcberlegen werde, wie und in welcher Form ich meine Arbeit fortsetzen m\u00f6chte und kann. Der Duden erl\u00e4utert das Wort Sabbatical als einen Begriff, aus dem sp\u00e4tlateinischen kommend mit; zum Sabbat geh\u00f6rig. Es geht um eine Zeit, die wir uns nehmen (neben dem j\u00e4hrigen Erholungsurlaub), als einen l\u00e4ngeren Zeitraum und eine gew\u00e4hrte Freistellung von der Arbeit. <\/p>\n\n\n\n<p>Ich merke, dass es mir nicht leicht f\u00e4llt mir diese &#8222;Freistellung&#8220; zu gew\u00e4hren, sie mir zu nehmen, um wieder ganz gesund und fit zu werden und meine gesundheitliche Krise zu bew\u00e4ltigen. Ich bitte daher alle meine Klienten-Paare, die mich kennen und auch die, die mich noch nicht kennen, um Verst\u00e4ndnis f\u00fcr meine Entscheidung. Meine Praxis im Ahrensfelder Weg werde ich r\u00e4umlich nicht aufrecht erhalten.<\/p>\n\n\n\n<p>Ich werde auf meiner Website zu gegebener Zeit ver\u00f6ffentlichen, wie bzw. wo es mit meiner Arbeit weiter geht. Ich m\u00f6chte in den n\u00e4chsten Wochen und Monaten pr\u00fcfen und gut \u00fcberlegen in welcher Form ich u.U. meine Arbeit wieder aufnehme. Bitte haben Sie auch daf\u00fcr Verst\u00e4ndnis. Selbstverst\u00e4ndlich freue ich mich trotzdem \u00fcber Nachrichten von Ihnen!  <\/p>\n\n\n\n<p>Sie d\u00fcrfen mir gerne \u00fcber mein Kontaktformular schreiben:-)<\/p>\n\n\n\n<p>Ich m\u00f6chte mit einem Zitat aus der Bibel schlie\u00dfen, das mir pers\u00f6nlich sehr viel bedeutet:  <\/p>\n\n\n\n<p><strong>Ein jegliches hat seine Zeit, und alles Vorhaben unter dem Himmel hat seine Stunde. (Prediger 3,1)<\/strong><\/p>\n\n\n\n<p>Mit sehr herzlichen Gr\u00fc\u00dfen an alle Leser und Besucher meiner Website,<\/p>\n\n\n\n<p>Ihre Ute Kl\u00f6pper-Wenzel.<\/p>\n\n\n\n<p>  <\/p>\n\n\n\n<figure class=\"wp-block-gallery has-nested-images columns-default is-cropped wp-block-gallery-1 is-layout-flex wp-block-gallery-is-layout-flex\">\n<figure class=\"wp-block-image size-large\"><a href=\"https:\/\/kloepperwenzel.de\/blog\/wp-content\/uploads\/2023\/03\/unnamed-1-1-scaled.jpg\"><img loading=\"lazy\" decoding=\"async\" width=\"1024\" height=\"576\" data-id=\"1293\" src=\"https:\/\/kloepperwenzel.de\/blog\/wp-content\/uploads\/2023\/03\/unnamed-1-1-1024x576.jpg\" alt=\"\" class=\"wp-image-1293\" srcset=\"https:\/\/kloepperwenzel.de\/blog\/wp-content\/uploads\/2023\/03\/unnamed-1-1-1024x576.jpg 1024w, https:\/\/kloepperwenzel.de\/blog\/wp-content\/uploads\/2023\/03\/unnamed-1-1-300x169.jpg 300w, https:\/\/kloepperwenzel.de\/blog\/wp-content\/uploads\/2023\/03\/unnamed-1-1-768x432.jpg 768w, https:\/\/kloepperwenzel.de\/blog\/wp-content\/uploads\/2023\/03\/unnamed-1-1-1536x864.jpg 1536w, https:\/\/kloepperwenzel.de\/blog\/wp-content\/uploads\/2023\/03\/unnamed-1-1-2048x1152.jpg 2048w\" sizes=\"auto, (max-width: 1024px) 100vw, 1024px\" \/><\/a><\/figure>\n<\/figure>\n","protected":false},"excerpt":{"rendered":"<p>&#8230;Und man es sich w\u00fcnscht! Das musste ich bitter gleich zu Beginn des Jahres erfahren. Sehr geehrte LeserInnen, es gibt eine l\u00e4ngere Pause mit meinen Angeboten, einige von Ihnen haben es schon bemerkt. Ich falle gleich mit der T\u00fcr ins Haus, um nicht lange um den hei\u00dfen Brei herum zu reden. Im Januar musste ich [&hellip;]<\/p>\n","protected":false},"author":3,"featured_media":0,"comment_status":"open","ping_status":"open","sticky":false,"template":"","format":"standard","meta":{"footnotes":""},"categories":[1],"tags":[],"class_list":["post-1285","post","type-post","status-publish","format-standard","hentry","category-uncategorized"],"_links":{"self":[{"href":"https:\/\/kloepperwenzel.de\/blog\/wp-json\/wp\/v2\/posts\/1285","targetHints":{"allow":["GET"]}}],"collection":[{"href":"https:\/\/kloepperwenzel.de\/blog\/wp-json\/wp\/v2\/posts"}],"about":[{"href":"https:\/\/kloepperwenzel.de\/blog\/wp-json\/wp\/v2\/types\/post"}],"author":[{"embeddable":true,"href":"https:\/\/kloepperwenzel.de\/blog\/wp-json\/wp\/v2\/users\/3"}],"replies":[{"embeddable":true,"href":"https:\/\/kloepperwenzel.de\/blog\/wp-json\/wp\/v2\/comments?post=1285"}],"version-history":[{"count":9,"href":"https:\/\/kloepperwenzel.de\/blog\/wp-json\/wp\/v2\/posts\/1285\/revisions"}],"predecessor-version":[{"id":1297,"href":"https:\/\/kloepperwenzel.de\/blog\/wp-json\/wp\/v2\/posts\/1285\/revisions\/1297"}],"wp:attachment":[{"href":"https:\/\/kloepperwenzel.de\/blog\/wp-json\/wp\/v2\/media?parent=1285"}],"wp:term":[{"taxonomy":"category","embeddable":true,"href":"https:\/\/kloepperwenzel.de\/blog\/wp-json\/wp\/v2\/categories?post=1285"},{"taxonomy":"post_tag","embeddable":true,"href":"https:\/\/kloepperwenzel.de\/blog\/wp-json\/wp\/v2\/tags?post=1285"}],"curies":[{"name":"wp","href":"https:\/\/api.w.org\/{rel}","templated":true}]}}