{"id":1061,"date":"2020-06-06T16:12:16","date_gmt":"2020-06-06T14:12:16","guid":{"rendered":"https:\/\/kloepperwenzel.de\/blog\/?p=1061"},"modified":"2020-06-08T15:27:37","modified_gmt":"2020-06-08T13:27:37","slug":"die-macht-des-erzaehlens","status":"publish","type":"post","link":"https:\/\/kloepperwenzel.de\/blog\/paarberatung\/die-macht-des-erzaehlens","title":{"rendered":"Die Macht des Erz\u00e4hlens"},"content":{"rendered":"<p>HALLO-heute m\u00f6chte Sie gerne mit hinein nehmen in meine ganz pers\u00f6nlichen Erlebnissen der letzten Wochen&#8230;<\/p>\n<p>In den ersten Tagen des Wonnemonats Mai habe ich im sch\u00f6nen Schleswig-Holstein eine Fahrradtour zusammen mit meinem Mann unternommen. An einem Freitag sind wir von Kosel (bei Eckernf\u00f6rde) aus mit der F\u00e4hre in Missunde \u00fcbergesetzt, um auf der anderen Seite entlang der Schlei bis nach Arnis (historische Altstadt) zu radeln. Teils ging es direkt am Wasser entlang. Das war eine landschaftlich wundersch\u00f6ne Tour, rechts und links mit bl\u00fchenden Rapsfeldern, von Dorf zu Dorf und von oben Sonne satt. Das waren dann hin- und zur\u00fcck gen\u00fcssliche 60km an Strecke zu bew\u00e4ltigen, die uns abends m\u00fcde sein lie\u00dfen:-)<\/p>\n<p>Am Sonnabend sind wir vormittags mit dem Fahrrad zu einem Ausflug in das nahe gelegene und beschauliche Eckernf\u00f6rde aufgebrochen. Schon viele Male haben wir diesen netten Ostseeort besucht und es immer sehr genossen dort zu sein. An diesem Vormittag passiert mir dort leider ein tragischer und folgenschwerer Fahrradunfall&#8230;Ich bin schwer gest\u00fcrzt mitten im Stra\u00dfenverkehr, v\u00f6llig unerwartet und durch eigenes Verschulden!<\/p>\n<p>Der Rettungswagen brachte mich in die Lubinus-Klinik nach Kiel und dort diagnostizierte man einen schweren Tr\u00fcmmerbruch im linken Kniegelenk. Ich bekam eine umfangreiche OP-Versorgung und musste insgesamt 12 lange Tage im Krankenhaus bleiben, bevor ich am Himmelfahrt-Wochenende an 2 Unterarmst\u00fctzen entlassen wurde. Nun befinde ich mich in h\u00e4uslicher Obhut und darf f\u00fcr insgesamt 9 Wochen mein Bein nicht voll belasten. Viel Pflege und Training sind notwendig, um mich &#8222;wieder in Form&#8220; zu bringen, diese schwere gesundheitlich-seelische Krise zu \u00fcberwinden.<\/p>\n<p>In diesen Tage lese ich einen Artikel in der Fachzeitschrift &#8222;Psychologie heute&#8220; mit dem Titel <em>An Krisen wachsen<\/em>. Ich lese ganz besonders aufmerksam den Text zu dem Untertitel <em>Die Macht des Erz\u00e4hlens<\/em>. In den Tagen nach dem Unfal,l habe ich intensiv <em>meinem Tagebuch alles erz\u00e4hlt<\/em>, was ich an leichtem und schwerem erlebt habe.<\/p>\n<p>&#8222;Das Erlebte und Durchgemachte zu erz\u00e4hlen-entweder den vertrauten Menschen um uns herum oder stumm uns selbst-, das ist ein Schl\u00fcssel beim Verarbeiten von Krisen.&#8220; Diese Worte lese ich dort in dem Artikel und verstehe mein eigenes Verhalten, alles \u00a0Erlebte meinem Tagebuch zu erz\u00e4hlen, als eine wichtige Chance zur Verarbeitung des tragischen Geschehens. Das Aufschreiben hilft mir die erlebte Krise zu verarbeiten. Schlie\u00dflich habe ich von hier auf gleich ein wichtiges St\u00fcck meiner Gesundheit verloren, musste starke Schmerzen ertragen, war im Corona-Lockdown im Krankenhaus isoliert und ohne Besuch, musste schlie\u00dflich auch den Pflegenotstand im Krankenhaus erdulden.<\/p>\n<p>Wenn ich heute, mit ein wenig Abstand auf meine Situation schaue, dann m\u00f6chte ich jetzt <em>&#8222;Das Heft des Handelns&#8220;<\/em>, wieder in die Hand nehmen. Und dadurch meinen noch andauernden Genesungsfortschritt aktiv mit voran bringen. Ich m\u00f6chte mein eigenes Schicksal jetzt selber beeinflussen-wieder gesund und belastbar zu werden.<\/p>\n<p>Ich bin dankbar f\u00fcr die moderne Medizin, die mir geholfen hat durch kompetente \u00c4rzte, Verabreichung von wirkungsvollen Schmerzmitteln zur rechten Zeit, \u00fcber verf\u00fcgbare Menschen in der N\u00e4he, f\u00fcr Liebe die mir geschenkt wurde von allen Seiten, um wieder zu Kr\u00e4ften zu kommen. Und nicht zuletzt hat mich mein Glaube an einen segnenden Vater im Himmel unendlich gest\u00fctzt und hoffnungsvoll bleiben lassen.<\/p>\n<p>Ich m\u00f6chte weiterhin f\u00fcr Sie, meine gesch\u00e4tzten Klienten\/Innen da sein und mit Ihnen in Verbindung bleiben. Ich m\u00f6chte Ihnen weiterhin kompetente\u00a0<a href=\"https:\/\/kloepperwenzel.de\/pages\/paartherapie-paarberatung-eheberatung-beziehungsprobleme-eheprobleme.php\">Paartherapie<\/a> und Paarberatung anbieten und das sowohl als Pr\u00e4senzsitzung sowie als <a href=\"https:\/\/kloepperwenzel.de\/pages\/online%20beratung-online%20paartherapie-online%20paarberatung.php\">Online-Beratung<\/a>. Sp\u00e4testens ab Ende Juli m\u00f6chte ich auch wieder ohne angezogene Handbremse f\u00fcr Sie da sein k\u00f6nnen \ud83d\ude42 Nehmen Sie gerne mit mir\u00a0<a href=\"https:\/\/kloepperwenzel.de\/pages\/kontakt.php\">Kontakt<\/a> auf, wenn Sie Fragen haben oder einen Termin vereinbaren m\u00f6chten.<\/p>\n<p>Mit sehr herzlichen Gr\u00fc\u00dfen,<\/p>\n<p>Ihre Ute Kl\u00f6pper-Wenzel<\/p>\n","protected":false},"excerpt":{"rendered":"<p>HALLO-heute m\u00f6chte Sie gerne mit hinein nehmen in meine ganz pers\u00f6nlichen Erlebnissen der letzten Wochen&#8230; In den ersten Tagen des Wonnemonats Mai habe ich im sch\u00f6nen Schleswig-Holstein eine Fahrradtour zusammen mit meinem Mann unternommen. An einem Freitag sind wir von Kosel (bei Eckernf\u00f6rde) aus mit der F\u00e4hre in Missunde \u00fcbergesetzt, um auf der anderen Seite [&hellip;]<\/p>\n","protected":false},"author":3,"featured_media":1068,"comment_status":"open","ping_status":"open","sticky":false,"template":"","format":"standard","meta":{"footnotes":""},"categories":[8,2,13],"tags":[],"class_list":["post-1061","post","type-post","status-publish","format-standard","has-post-thumbnail","hentry","category-einzelberatung-psychotherapie","category-paarberatung","category-paarberatung-fuer-eltern"],"_links":{"self":[{"href":"https:\/\/kloepperwenzel.de\/blog\/wp-json\/wp\/v2\/posts\/1061","targetHints":{"allow":["GET"]}}],"collection":[{"href":"https:\/\/kloepperwenzel.de\/blog\/wp-json\/wp\/v2\/posts"}],"about":[{"href":"https:\/\/kloepperwenzel.de\/blog\/wp-json\/wp\/v2\/types\/post"}],"author":[{"embeddable":true,"href":"https:\/\/kloepperwenzel.de\/blog\/wp-json\/wp\/v2\/users\/3"}],"replies":[{"embeddable":true,"href":"https:\/\/kloepperwenzel.de\/blog\/wp-json\/wp\/v2\/comments?post=1061"}],"version-history":[{"count":8,"href":"https:\/\/kloepperwenzel.de\/blog\/wp-json\/wp\/v2\/posts\/1061\/revisions"}],"predecessor-version":[{"id":1071,"href":"https:\/\/kloepperwenzel.de\/blog\/wp-json\/wp\/v2\/posts\/1061\/revisions\/1071"}],"wp:featuredmedia":[{"embeddable":true,"href":"https:\/\/kloepperwenzel.de\/blog\/wp-json\/wp\/v2\/media\/1068"}],"wp:attachment":[{"href":"https:\/\/kloepperwenzel.de\/blog\/wp-json\/wp\/v2\/media?parent=1061"}],"wp:term":[{"taxonomy":"category","embeddable":true,"href":"https:\/\/kloepperwenzel.de\/blog\/wp-json\/wp\/v2\/categories?post=1061"},{"taxonomy":"post_tag","embeddable":true,"href":"https:\/\/kloepperwenzel.de\/blog\/wp-json\/wp\/v2\/tags?post=1061"}],"curies":[{"name":"wp","href":"https:\/\/api.w.org\/{rel}","templated":true}]}}