{"id":1023,"date":"2020-03-01T20:29:52","date_gmt":"2020-03-01T18:29:52","guid":{"rendered":"https:\/\/kloepperwenzel.de\/blog\/?p=1023"},"modified":"2020-03-01T20:34:24","modified_gmt":"2020-03-01T18:34:24","slug":"das-thema-corona-virus-und-was-nun","status":"publish","type":"post","link":"https:\/\/kloepperwenzel.de\/blog\/paarberatung\/das-thema-corona-virus-und-was-nun","title":{"rendered":"Das Thema Corona Virus-und was nun??"},"content":{"rendered":"<p>Das Thema Corona-Virus breitet sich aus, wie zu anderen Zeiten ganz verl\u00e4sslich nach dem Winter der Fr\u00fchling folgt. Ich bin von Haus aus kein \u00e4ngstlicher Mensch, deshalb konnte mich in den letzten Wochen das Thema Corona-Virus ziemlich kalt lassen. Ich wei\u00df nicht wie es Ihnen mit den vielen Nachrichten zu dem Thema geht. Aber inzwischen hat sich bei mir etwas ge\u00e4ndert. Freitag die Nachricht von einem ersten Verdachtsfall in Hamburg und heute nun die Nachricht von einem ersten Verdachtsfall hier in meinem Gro\u00dfhansdorf&#8230;!<\/p>\n<p>Wir sind alle gut beraten die Ruhe zu bewahren, das ist gewiss das Beste. Und die Meisten von uns werden an einer m\u00f6glichen Corona-Erkrankung ganz sicher nicht versterben. Aber es gibt eben auch Risikogruppen\/Menschen unter uns, die ein erh\u00f6htes Risiko tragen bei einem Atemwegsinfekt mit Covid-19.<\/p>\n<p>Ich z\u00e4hle mich mit meiner Arbeit in meiner Praxis f\u00fcr Paartherapie und Paarberatung im weitesten Sinne dem Gesundheitswesen zugeh\u00f6rig, so ist es nun mal realistisch betrachtet. Und deshalb f\u00fchle ich mich auch mitverantwortlich f\u00fcr die Gesundheit meiner Klienten und der Paare, die zu mir in die Praxis kommen.<\/p>\n<p>Eine wichtige Aufgabe f\u00fcr Mitarbeiter im Gesundheitswesen besteht z.Z. unter anderem darin einer m\u00f6glichen Weiterverbreitung des Corona-Virus entgegen zu wirken. Ich freue mich \u00fcber das Vertrauen meiner Klienten und aus diesem Vertrauen heraus schreibe ich Ihnen heute und ver\u00f6ffentliche f\u00fcr die Menschen, die mich aufsuchen folgendes Schreiben:<\/p>\n<p>Sehr geehrte Klienten der n\u00e4chsten Wochen,<\/p>\n<p>heute schreibe ich Ihnen aufgrund der aktuellen Corona-Virus Lage. Wir alle sind aufgerufen von der<em> Bundeszentrale f\u00fcr Gesundheit<\/em> eine m\u00f6gliche Ansteckungsgefahr so gering wie m\u00f6glich zu halten. Das gilt insbesondere f\u00fcr Personen, die im Gesundheitswesen t\u00e4tig sind.<br \/>\nDas Virus verbreitet sich u.a. durch direkten Kontakt bei der Begr\u00fc\u00dfung durch H\u00e4ndesch\u00fctteln, Ber\u00fchrung von Kontaktfl\u00e4chen auf denen sich das Virus ablagern k\u00f6nnte und\/oder direkt durch einen manifesten, durch das SARS-CoV-2 Virus ausgel\u00f6sten Atemwegsinfekt (COVID-19) per Tr\u00f6pfcheninfektion (Niesen).<br \/>\nIch habe zu Ihrem und zu meinem Schutz gegen eine m\u00f6gliche Weiterverbreitung des Virus daher meine Praxis seit diesem Wochenende mit einem geeigneten Desinfektionsspender ausger\u00fcstet, den Sie gleich gegen\u00fcber der Eingangst\u00fcr finden. Dort sollten Sie bitte unmittelbar nach dem Betreten der Praxis Ihre H\u00e4nde gr\u00fcndlich desinfizieren.<br \/>\nDie Klienten unter Ihnen, die von sich wissen, dass sie gegenw\u00e4rtig einen Atemwegsinfekt haben, bitte ich darum zuhause zu bleiben und mich so zeitnah wie m\u00f6glich vor dem Termin dar\u00fcber zu informieren. Wir k\u00f6nnten stattdessen eine telefonische Beratung durchf\u00fchren (auch per Facetime) oder den Termin verschieben.<br \/>\nIch w\u00fcrde mich sehr freuen, wenn wir gemeinsam durch die Einhaltung dieser wenigen Ma\u00dfnahmen der Verbreitung des Virus entgegen wirken. F\u00fcr mich hat diese Bitte an Sie auch noch einen pers\u00f6nlichen Hintergrund, mein Ehepartner geh\u00f6rt zur Hauptrisikogruppe bei Ansteckung und dem m\u00f6chte ich nat\u00fcrlich mit allen meinen M\u00f6glichkeiten entgegen wirken.<\/p>\n<p>Mit einem herzlichen Dankesch\u00f6n f\u00fcr Ihr Verst\u00e4ndnis und Ihr Mitwirken!<\/p>\n<p>Ihre Ute Kl\u00f6pper-Wenzel<br \/>\nGro\u00dfhansdorf, den 29.02.2020<\/p>\n","protected":false},"excerpt":{"rendered":"<p>Das Thema Corona-Virus breitet sich aus, wie zu anderen Zeiten ganz verl\u00e4sslich nach dem Winter der Fr\u00fchling folgt. Ich bin von Haus aus kein \u00e4ngstlicher Mensch, deshalb konnte mich in den letzten Wochen das Thema Corona-Virus ziemlich kalt lassen. Ich wei\u00df nicht wie es Ihnen mit den vielen Nachrichten zu dem Thema geht. Aber inzwischen [&hellip;]<\/p>\n","protected":false},"author":3,"featured_media":1029,"comment_status":"open","ping_status":"open","sticky":false,"template":"","format":"standard","meta":{"footnotes":""},"categories":[9,2,13,12,5],"tags":[],"class_list":["post-1023","post","type-post","status-publish","format-standard","has-post-thumbnail","hentry","category-einzelberatung","category-paarberatung","category-paarberatung-fuer-eltern","category-sexualberatung","category-trennungsberatung"],"_links":{"self":[{"href":"https:\/\/kloepperwenzel.de\/blog\/wp-json\/wp\/v2\/posts\/1023","targetHints":{"allow":["GET"]}}],"collection":[{"href":"https:\/\/kloepperwenzel.de\/blog\/wp-json\/wp\/v2\/posts"}],"about":[{"href":"https:\/\/kloepperwenzel.de\/blog\/wp-json\/wp\/v2\/types\/post"}],"author":[{"embeddable":true,"href":"https:\/\/kloepperwenzel.de\/blog\/wp-json\/wp\/v2\/users\/3"}],"replies":[{"embeddable":true,"href":"https:\/\/kloepperwenzel.de\/blog\/wp-json\/wp\/v2\/comments?post=1023"}],"version-history":[{"count":4,"href":"https:\/\/kloepperwenzel.de\/blog\/wp-json\/wp\/v2\/posts\/1023\/revisions"}],"predecessor-version":[{"id":1028,"href":"https:\/\/kloepperwenzel.de\/blog\/wp-json\/wp\/v2\/posts\/1023\/revisions\/1028"}],"wp:featuredmedia":[{"embeddable":true,"href":"https:\/\/kloepperwenzel.de\/blog\/wp-json\/wp\/v2\/media\/1029"}],"wp:attachment":[{"href":"https:\/\/kloepperwenzel.de\/blog\/wp-json\/wp\/v2\/media?parent=1023"}],"wp:term":[{"taxonomy":"category","embeddable":true,"href":"https:\/\/kloepperwenzel.de\/blog\/wp-json\/wp\/v2\/categories?post=1023"},{"taxonomy":"post_tag","embeddable":true,"href":"https:\/\/kloepperwenzel.de\/blog\/wp-json\/wp\/v2\/tags?post=1023"}],"curies":[{"name":"wp","href":"https:\/\/api.w.org\/{rel}","templated":true}]}}